{"id":100,"date":"2023-07-19T12:28:00","date_gmt":"2023-07-19T15:28:00","guid":{"rendered":"https:\/\/agrocienciapodcast.com\/?p=100"},"modified":"2023-07-19T12:28:02","modified_gmt":"2023-07-19T15:28:02","slug":"episodio-23-a-importancia-do-crea-ms-para-engenheiros-agronomos-e-o-agronegocio","status":"publish","type":"post","link":"https:\/\/agrocienciapodcast.com\/index.php\/2023\/07\/19\/episodio-23-a-importancia-do-crea-ms-para-engenheiros-agronomos-e-o-agronegocio\/","title":{"rendered":"Epis\u00f3dio #23 &#8211; A import\u00e2ncia do CREA-MS para engenheiros, agr\u00f4nomos e o agroneg\u00f3cio"},"content":{"rendered":"\n<figure class=\"wp-block-embed is-type-video is-provider-youtube wp-block-embed-youtube wp-embed-aspect-16-9 wp-has-aspect-ratio\"><div class=\"wp-block-embed__wrapper\">\n<iframe title=\"Epis\u00f3dio #023 - A IMPORT\u00c2NCIA DO CREA PARA ENGENHEIROS, AGR\u00d4NOMOS E O AGRONEG\u00d3CIO\" width=\"1200\" height=\"675\" data-src=\"https:\/\/www.youtube.com\/embed\/0nCsfLpd6jc?start=21&#038;feature=oembed\" frameborder=\"0\" allow=\"accelerometer; autoplay; clipboard-write; encrypted-media; gyroscope; picture-in-picture; web-share\" allowfullscreen src=\"data:image\/svg+xml;base64,PHN2ZyB3aWR0aD0iMSIgaGVpZ2h0PSIxIiB4bWxucz0iaHR0cDovL3d3dy53My5vcmcvMjAwMC9zdmciPjwvc3ZnPg==\" class=\"lazyload\" data-load-mode=\"1\"><\/iframe>\n<\/div><\/figure>\n\n\n\n<p><\/p>\n\n\n\n<p>Em mil novecentos e trinta e tr\u00eas, o ent\u00e3o 14\u00ba Presidente da Rep\u00fablica Get\u00falio Dornelles Vargas, publicava via decreto o dispositivo legal que regulamentava o exerc\u00edcio legal da profiss\u00e3o de engenheiro no Brasil e a partir deste decreto criava-se o Sistema CONFEA\/CREA com personalidade jur\u00eddica de uma autarquia p\u00fablica federal, com plenos poderes para fiscalizar, normatizar e aperfei\u00e7oar o exerc\u00edcio legal dos profissionais das engenharias em todo o territ\u00f3rio nacional (BRASIL, 1933).<\/p>\n\n\n\n<p>Atrav\u00e9s de Decreto presidencial n\u00ba 23.569, de 11 de dezembro de 1933, os profissionais de engenharia conseguiram iniciar a regulamenta\u00e7\u00e3o do exerc\u00edcio \u00e9tico profissional da engenharia no Brasil, criando-se assim o Sistema CONFEA\/CREA, que por sua vez se tornou a \u00fanica inst\u00e2ncia superior respons\u00e1vel pela fiscaliza\u00e7\u00e3o do exerc\u00edcio \u00e9tico profissional de todas as profiss\u00f5es vinculadas \u00e0s engenharias, agronomia e posteriormente as geoci\u00eancias, bem como respons\u00e1vel pela regulamenta\u00e7\u00e3o das diretrizes norteadoras das profiss\u00f5es vinculadas atrav\u00e9s de publica\u00e7\u00e3o de atos normativos como, por exemplo, portarias, resolu\u00e7\u00f5es e decis\u00f5es normativas e plen\u00e1rias, como tamb\u00e9m respons\u00e1vel pelo registro dos profissionais e conseguintemente a concess\u00e3o de suas atribui\u00e7\u00f5es t\u00e9cnicas com ou sem algum tipo restri\u00e7\u00e3o t\u00e9cnica no seu bojo de atribui\u00e7\u00f5es (BRASIL, 1933).<\/p>\n\n\n\n<p>Com a finalidade de endurecer o cerco e assim coibir o exerc\u00edcio ilegal da profiss\u00e3o da engenharia por pessoas consideradas leigas sem o devido registro nos Conselhos Regionais de Engenharia e por conseguinte fortalecer a engenharia no pa\u00eds, ainda no Decreto-Lei n\u00ba 8.620, de 10 de janeiro de 1946, o Presidente da Rep\u00fablica Jos\u00e9 Linhares ratifica a personalidade jur\u00eddica do Sistema CONFEA\/CREA em um conjunto de autarquia p\u00fablica federal e determina que a partir da publica\u00e7\u00e3o deste decreto-lei, s\u00f3 ser\u00e3o aceito nos \u00f3rg\u00e3o p\u00fablicos os trabalhos t\u00e9cnicos elaborados por profissionais devidamente habilitados pelo Sistema CONFEA\/CREA como, por exemplo, pe\u00e7as gr\u00e1ficas, or\u00e7amentos, laudos t\u00e9cnicos, pareceres t\u00e9cnicos, documentos contendo especifica\u00e7\u00f5es t\u00e9cnicas e etc, al\u00e9m disso devendo tamb\u00e9m conter a assinatura do profissional habilitado, seu n\u00famero de registro profissional, seu t\u00edtulo profissional, bem como todos os dados das empresas que fossem parte interessada no processo (BRASIL, 1946).<\/p>\n\n\n\n<p>A Lei Federal n\u00ba 4.950-A, de 22 de abril de 1966 disp\u00f5e sobre a obrigatoriedade do pagamento do sal\u00e1rio m\u00ednimo profissional em todo territ\u00f3rio nacional para os profissionais diplomados nos cursos de n\u00edvel superior na \u00e1rea de engenharia, qu\u00edmica, arquitetura, agronomia e veterin\u00e1ria, que possu\u00edssem v\u00ednculo empregat\u00edcio formalizado\/comprovado. O c\u00e1lculo do piso salarial profissional determinado pela Lei Federal n\u00ba 4.950-A, de 22 de abril de 1966, utiliza como crit\u00e9rio a carga hor\u00e1ria di\u00e1ria trabalhada e o tempo de forma\u00e7\u00e3o acad\u00eamica do profissional de n\u00edvel superior&nbsp; (BRASIL, 1966).&nbsp;<\/p>\n\n\n\n<p>Portanto, nota-se que o Sistema CONFEA\/CREA \u00e9 na sua ess\u00eancia de suma import\u00e2ncia na vida profissional dos engenheiros civis e das demais profiss\u00f5es regulamentadas por lei a ele vinculadas, considerando que o mesmo fiscaliza o exerc\u00edcio \u00e9tico profissional da classe, normatiza diretrizes norteadoras como, por exemplo, atrav\u00e9s da an\u00e1lise dos conte\u00fados program\u00e1ticos estudados pelos egressos durante toda a sua forma\u00e7\u00e3o, iniciando assim na gradua\u00e7\u00e3o, durante a sua forma\u00e7\u00e3o continuada e n\u00e3o s\u00f3 como tamb\u00e9m ao longo de toda a sua jornada profissional.&nbsp;<\/p>\n\n\n\n<p>Apesar do mesmo n\u00e3o ser amplamente difundido nas institui\u00e7\u00f5es de ensino superior, percebe-se o quanto o Sistema CONFEA\/CREA desde a sua cria\u00e7\u00e3o vem atuando em defesa da valoriza\u00e7\u00e3o profissional e da engenharia no Brasil, atrav\u00e9s de pol\u00edticas p\u00fablicas perante governantes em todas as esferas de poder, seja no legislativo por meio de aprova\u00e7\u00e3o de leis important\u00edssimas para o desenvolvimento do Brasil, como tamb\u00e9m no judici\u00e1rio ao interpor recurso em desfavor de pessoas leigas que ainda insistem em cometer o grande absurdo de \u201cprojetar\u201d e executar obras de engenharia civil sem participa\u00e7\u00e3o de engenheiros civis e engenheiros de seguran\u00e7a do trabalho e outros servi\u00e7os como, por exemplo, extra\u00e7\u00e3o de min\u00e9rios em minas subterr\u00e2neas sem o acompanhamento de engenheiros de mina e ge\u00f3logos, como tamb\u00e9m em atividades de necessitem a supress\u00e3o vegetal inseridas em \u00e1reas de prote\u00e7\u00e3o ambiental sem a assessoria de engenheiros florestais, ou at\u00e9 mesmo o cultivo de culturas sem o aux\u00edlio de engenheiros agr\u00f4nomos resultando na grande maioria das vezes a utiliza\u00e7\u00e3o de defensivos agr\u00edcolas em quantidades desproporcionais, colocando assim o meio ambiente em risco e toda a sociedade civil como um todo.<\/p>\n\n\n\n<p><strong>Refer\u00eancias&nbsp;<\/strong><\/p>\n\n\n\n<figure class=\"wp-block-embed\"><div class=\"wp-block-embed__wrapper\">\nhttps:\/\/repositorio.animaeducacao.com.br\/handle\/ANIMA\/24383\n<\/div><\/figure>\n\n\n\n<p>BRASIL. Decreto n\u00ba 23.569, de 11 de dezembro de 1933. Regula o exerc\u00edcio das profiss\u00f5es de engenheiro, de arquiteto e de agrimensor. Di\u00e1rio Oficial da Uni\u00e3o, Bras\u00edlia, DF, 15 dez. 1933. Dispon\u00edvel em: http:\/\/www.planalto.gov.br\/ccivil_03\/decreto\/1930-1949\/d23569.htm.&nbsp;<\/p>\n\n\n\n<p>BRASIL. Decreto-Lei n\u00ba 8620, de 10 de janeiro de 1946. Disp\u00f5e sobre a regulamenta\u00e7\u00e3o do exerc\u00edcio de profiss\u00f5es de engenheiro, de arquiteto e de agrimensor, regida pelo Decreto n\u00ba 23.569, de 11 de dezembro de 1933, e d\u00e1 outras provid\u00eancias. Di\u00e1rio Oficial da Uni\u00e3o, Bras\u00edlia, DF,24 jan 1946.<\/p>\n\n\n\n<p><strong>&#8211; CONVIDADA<\/strong><\/p>\n\n\n\n<p>V\u00e2nia Abreu de Mello \u00e9 engenheira agrimensora e mestre em meio ambiente e desenvolvimento regional. \u00c9 a primeira mulher a presidir o Conselho Regional de Engenharia e Agronomia de Mato Grosso do Sul (CREA-MS), cargo para o qual foi eleita em 2020 e permanecer\u00e1 at\u00e9 dezembro de 2023. Vania aceitou nosso convite e veio falar um pouco da import\u00e2ncia do Conselho para os profissionais Engenheiros e Agr\u00f4nomos, bem como a import\u00e2ncia desses profissionais para o Agroneg\u00f3cios que tanto precisa dessa turma para o seu desenvolvimento.<\/p>\n\n\n\n<p>Vania Abreu de Mello<\/p>\n\n\n\n<p>@vania.amello<\/p>\n\n\n\n<p>@crea_ms<\/p>\n\n\n\n<p><strong>&#8211; NOSSA EQUIPE:<\/strong><\/p>\n\n\n\n<p>@admfabiomascarenhas @ana.doutoranda @sloanvicente @economista_tayna @rodrigohilc @gustavodocantos @aahhpaixao<\/p>\n","protected":false},"excerpt":{"rendered":"<p>Em mil novecentos e trinta e tr\u00eas, o ent\u00e3o 14\u00ba Presidente da Rep\u00fablica Get\u00falio Dornelles Vargas, publicava via decreto o dispositivo legal que regulamentava o exerc\u00edcio legal da profiss\u00e3o de engenheiro no Brasil e a partir deste decreto criava-se o Sistema CONFEA\/CREA com personalidade jur\u00eddica de uma autarquia p\u00fablica federal, com plenos poderes para fiscalizar, &#8230; <a title=\"Epis\u00f3dio #23 &#8211; A import\u00e2ncia do CREA-MS para engenheiros, agr\u00f4nomos e o agroneg\u00f3cio\" class=\"read-more\" href=\"https:\/\/agrocienciapodcast.com\/index.php\/2023\/07\/19\/episodio-23-a-importancia-do-crea-ms-para-engenheiros-agronomos-e-o-agronegocio\/\" aria-label=\"More on Epis\u00f3dio #23 &#8211; A import\u00e2ncia do CREA-MS para engenheiros, agr\u00f4nomos e o agroneg\u00f3cio\">Ler mais<\/a><\/p>\n","protected":false},"author":1,"featured_media":0,"comment_status":"open","ping_status":"open","sticky":false,"template":"","format":"standard","meta":{"footnotes":"","jetpack_publicize_message":"","jetpack_publicize_feature_enabled":true,"jetpack_social_post_already_shared":false,"jetpack_social_options":{"image_generator_settings":{"template":"highway","default_image_id":0,"enabled":false},"version":2}},"categories":[1],"tags":[],"class_list":["post-100","post","type-post","status-publish","format-standard","hentry","category-blog"],"yoast_head":"<!-- This site is optimized with the Yoast SEO plugin v25.5 - https:\/\/yoast.com\/wordpress\/plugins\/seo\/ -->\n<title>Epis\u00f3dio #23 - A import\u00e2ncia do CREA-MS para engenheiros, agr\u00f4nomos e o agroneg\u00f3cio - Agroci\u00eancia Podcast<\/title>\n<meta name=\"robots\" content=\"index, follow, max-snippet:-1, max-image-preview:large, max-video-preview:-1\" \/>\n<link rel=\"canonical\" href=\"https:\/\/agrocienciapodcast.com\/index.php\/2023\/07\/19\/episodio-23-a-importancia-do-crea-ms-para-engenheiros-agronomos-e-o-agronegocio\/\" \/>\n<meta property=\"og:locale\" content=\"pt_BR\" \/>\n<meta property=\"og:type\" content=\"article\" \/>\n<meta property=\"og:title\" content=\"Epis\u00f3dio #23 - A import\u00e2ncia do CREA-MS para engenheiros, agr\u00f4nomos e o agroneg\u00f3cio - Agroci\u00eancia Podcast\" \/>\n<meta property=\"og:description\" content=\"Em mil novecentos e trinta e tr\u00eas, o ent\u00e3o 14\u00ba Presidente da Rep\u00fablica Get\u00falio Dornelles Vargas, publicava via decreto o dispositivo legal que regulamentava o exerc\u00edcio legal da profiss\u00e3o de engenheiro no Brasil e a partir deste decreto criava-se o Sistema CONFEA\/CREA com personalidade jur\u00eddica de uma autarquia p\u00fablica federal, com plenos poderes para fiscalizar, ... Ler mais\" \/>\n<meta property=\"og:url\" content=\"https:\/\/agrocienciapodcast.com\/index.php\/2023\/07\/19\/episodio-23-a-importancia-do-crea-ms-para-engenheiros-agronomos-e-o-agronegocio\/\" \/>\n<meta property=\"og:site_name\" content=\"Agroci\u00eancia Podcast\" \/>\n<meta property=\"article:published_time\" content=\"2023-07-19T15:28:00+00:00\" \/>\n<meta property=\"article:modified_time\" content=\"2023-07-19T15:28:02+00:00\" \/>\n<meta name=\"author\" content=\"F\u00e1bio\" \/>\n<meta name=\"twitter:card\" content=\"summary_large_image\" \/>\n<meta name=\"twitter:creator\" content=\"@agrocienciacast\" \/>\n<meta name=\"twitter:site\" content=\"@agrocienciacast\" \/>\n<meta name=\"twitter:label1\" content=\"Escrito por\" \/>\n\t<meta name=\"twitter:data1\" content=\"F\u00e1bio\" \/>\n\t<meta name=\"twitter:label2\" content=\"Est. tempo de leitura\" \/>\n\t<meta name=\"twitter:data2\" content=\"5 minutos\" \/>\n<script type=\"application\/ld+json\" class=\"yoast-schema-graph\">{\"@context\":\"https:\/\/schema.org\",\"@graph\":[{\"@type\":\"Article\",\"@id\":\"https:\/\/agrocienciapodcast.com\/index.php\/2023\/07\/19\/episodio-23-a-importancia-do-crea-ms-para-engenheiros-agronomos-e-o-agronegocio\/#article\",\"isPartOf\":{\"@id\":\"https:\/\/agrocienciapodcast.com\/index.php\/2023\/07\/19\/episodio-23-a-importancia-do-crea-ms-para-engenheiros-agronomos-e-o-agronegocio\/\"},\"author\":{\"name\":\"F\u00e1bio\",\"@id\":\"https:\/\/agrocienciapodcast.com\/#\/schema\/person\/fdabc08ed7cda36dfeb87f1ef8038527\"},\"headline\":\"Epis\u00f3dio #23 &#8211; A import\u00e2ncia do CREA-MS para engenheiros, agr\u00f4nomos e o agroneg\u00f3cio\",\"datePublished\":\"2023-07-19T15:28:00+00:00\",\"dateModified\":\"2023-07-19T15:28:02+00:00\",\"mainEntityOfPage\":{\"@id\":\"https:\/\/agrocienciapodcast.com\/index.php\/2023\/07\/19\/episodio-23-a-importancia-do-crea-ms-para-engenheiros-agronomos-e-o-agronegocio\/\"},\"wordCount\":1033,\"commentCount\":0,\"publisher\":{\"@id\":\"https:\/\/agrocienciapodcast.com\/#organization\"},\"articleSection\":[\"Blog\"],\"inLanguage\":\"pt-BR\",\"potentialAction\":[{\"@type\":\"CommentAction\",\"name\":\"Comment\",\"target\":[\"https:\/\/agrocienciapodcast.com\/index.php\/2023\/07\/19\/episodio-23-a-importancia-do-crea-ms-para-engenheiros-agronomos-e-o-agronegocio\/#respond\"]}]},{\"@type\":\"WebPage\",\"@id\":\"https:\/\/agrocienciapodcast.com\/index.php\/2023\/07\/19\/episodio-23-a-importancia-do-crea-ms-para-engenheiros-agronomos-e-o-agronegocio\/\",\"url\":\"https:\/\/agrocienciapodcast.com\/index.php\/2023\/07\/19\/episodio-23-a-importancia-do-crea-ms-para-engenheiros-agronomos-e-o-agronegocio\/\",\"name\":\"Epis\u00f3dio #23 - A import\u00e2ncia do CREA-MS para engenheiros, agr\u00f4nomos e o agroneg\u00f3cio - Agroci\u00eancia Podcast\",\"isPartOf\":{\"@id\":\"https:\/\/agrocienciapodcast.com\/#website\"},\"datePublished\":\"2023-07-19T15:28:00+00:00\",\"dateModified\":\"2023-07-19T15:28:02+00:00\",\"breadcrumb\":{\"@id\":\"https:\/\/agrocienciapodcast.com\/index.php\/2023\/07\/19\/episodio-23-a-importancia-do-crea-ms-para-engenheiros-agronomos-e-o-agronegocio\/#breadcrumb\"},\"inLanguage\":\"pt-BR\",\"potentialAction\":[{\"@type\":\"ReadAction\",\"target\":[\"https:\/\/agrocienciapodcast.com\/index.php\/2023\/07\/19\/episodio-23-a-importancia-do-crea-ms-para-engenheiros-agronomos-e-o-agronegocio\/\"]}]},{\"@type\":\"BreadcrumbList\",\"@id\":\"https:\/\/agrocienciapodcast.com\/index.php\/2023\/07\/19\/episodio-23-a-importancia-do-crea-ms-para-engenheiros-agronomos-e-o-agronegocio\/#breadcrumb\",\"itemListElement\":[{\"@type\":\"ListItem\",\"position\":1,\"name\":\"In\u00edcio\",\"item\":\"https:\/\/agrocienciapodcast.com\/\"},{\"@type\":\"ListItem\",\"position\":2,\"name\":\"Epis\u00f3dio #23 &#8211; A import\u00e2ncia do CREA-MS para engenheiros, agr\u00f4nomos e o agroneg\u00f3cio\"}]},{\"@type\":\"WebSite\",\"@id\":\"https:\/\/agrocienciapodcast.com\/#website\",\"url\":\"https:\/\/agrocienciapodcast.com\/\",\"name\":\"Agroci\u00eancia Podcast\",\"description\":\"A informa\u00e7\u00e3o \u00e9 o melhor defensivo contra a praga da fake news\",\"publisher\":{\"@id\":\"https:\/\/agrocienciapodcast.com\/#organization\"},\"potentialAction\":[{\"@type\":\"SearchAction\",\"target\":{\"@type\":\"EntryPoint\",\"urlTemplate\":\"https:\/\/agrocienciapodcast.com\/?s={search_term_string}\"},\"query-input\":{\"@type\":\"PropertyValueSpecification\",\"valueRequired\":true,\"valueName\":\"search_term_string\"}}],\"inLanguage\":\"pt-BR\"},{\"@type\":\"Organization\",\"@id\":\"https:\/\/agrocienciapodcast.com\/#organization\",\"name\":\"Agroci\u00eancia Podcast\",\"url\":\"https:\/\/agrocienciapodcast.com\/\",\"logo\":{\"@type\":\"ImageObject\",\"inLanguage\":\"pt-BR\",\"@id\":\"https:\/\/agrocienciapodcast.com\/#\/schema\/logo\/image\/\",\"url\":\"https:\/\/agrocienciapodcast.com\/wp-content\/uploads\/2023\/06\/cropped-AGROCIENCIA-POD-transp_02-1.png\",\"contentUrl\":\"https:\/\/agrocienciapodcast.com\/wp-content\/uploads\/2023\/06\/cropped-AGROCIENCIA-POD-transp_02-1.png\",\"width\":1539,\"height\":416,\"caption\":\"Agroci\u00eancia Podcast\"},\"image\":{\"@id\":\"https:\/\/agrocienciapodcast.com\/#\/schema\/logo\/image\/\"},\"sameAs\":[\"https:\/\/x.com\/agrocienciacast\"]},{\"@type\":\"Person\",\"@id\":\"https:\/\/agrocienciapodcast.com\/#\/schema\/person\/fdabc08ed7cda36dfeb87f1ef8038527\",\"name\":\"F\u00e1bio\",\"image\":{\"@type\":\"ImageObject\",\"inLanguage\":\"pt-BR\",\"@id\":\"https:\/\/agrocienciapodcast.com\/#\/schema\/person\/image\/\",\"url\":\"https:\/\/secure.gravatar.com\/avatar\/270f681237a3b2253e8387a5338fc297f0819ac18a4722551cbd086818c00f92?s=96&d=mm&r=g\",\"contentUrl\":\"https:\/\/secure.gravatar.com\/avatar\/270f681237a3b2253e8387a5338fc297f0819ac18a4722551cbd086818c00f92?s=96&d=mm&r=g\",\"caption\":\"F\u00e1bio\"},\"sameAs\":[\"http:\/\/agrocienciapodcast.com\",\"https:\/\/www.youtube.com\/@agrociencia_podcast\"],\"url\":\"https:\/\/agrocienciapodcast.com\/index.php\/author\/agrocienciapodcast-com\/\"}]}<\/script>\n<!-- \/ Yoast SEO plugin. -->","yoast_head_json":{"title":"Epis\u00f3dio #23 - A import\u00e2ncia do CREA-MS para engenheiros, agr\u00f4nomos e o agroneg\u00f3cio - Agroci\u00eancia Podcast","robots":{"index":"index","follow":"follow","max-snippet":"max-snippet:-1","max-image-preview":"max-image-preview:large","max-video-preview":"max-video-preview:-1"},"canonical":"https:\/\/agrocienciapodcast.com\/index.php\/2023\/07\/19\/episodio-23-a-importancia-do-crea-ms-para-engenheiros-agronomos-e-o-agronegocio\/","og_locale":"pt_BR","og_type":"article","og_title":"Epis\u00f3dio #23 - A import\u00e2ncia do CREA-MS para engenheiros, agr\u00f4nomos e o agroneg\u00f3cio - Agroci\u00eancia Podcast","og_description":"Em mil novecentos e trinta e tr\u00eas, o ent\u00e3o 14\u00ba Presidente da Rep\u00fablica Get\u00falio Dornelles Vargas, publicava via decreto o dispositivo legal que regulamentava o exerc\u00edcio legal da profiss\u00e3o de engenheiro no Brasil e a partir deste decreto criava-se o Sistema CONFEA\/CREA com personalidade jur\u00eddica de uma autarquia p\u00fablica federal, com plenos poderes para fiscalizar, ... Ler mais","og_url":"https:\/\/agrocienciapodcast.com\/index.php\/2023\/07\/19\/episodio-23-a-importancia-do-crea-ms-para-engenheiros-agronomos-e-o-agronegocio\/","og_site_name":"Agroci\u00eancia Podcast","article_published_time":"2023-07-19T15:28:00+00:00","article_modified_time":"2023-07-19T15:28:02+00:00","author":"F\u00e1bio","twitter_card":"summary_large_image","twitter_creator":"@agrocienciacast","twitter_site":"@agrocienciacast","twitter_misc":{"Escrito por":"F\u00e1bio","Est. tempo de leitura":"5 minutos"},"schema":{"@context":"https:\/\/schema.org","@graph":[{"@type":"Article","@id":"https:\/\/agrocienciapodcast.com\/index.php\/2023\/07\/19\/episodio-23-a-importancia-do-crea-ms-para-engenheiros-agronomos-e-o-agronegocio\/#article","isPartOf":{"@id":"https:\/\/agrocienciapodcast.com\/index.php\/2023\/07\/19\/episodio-23-a-importancia-do-crea-ms-para-engenheiros-agronomos-e-o-agronegocio\/"},"author":{"name":"F\u00e1bio","@id":"https:\/\/agrocienciapodcast.com\/#\/schema\/person\/fdabc08ed7cda36dfeb87f1ef8038527"},"headline":"Epis\u00f3dio #23 &#8211; A import\u00e2ncia do CREA-MS para engenheiros, agr\u00f4nomos e o agroneg\u00f3cio","datePublished":"2023-07-19T15:28:00+00:00","dateModified":"2023-07-19T15:28:02+00:00","mainEntityOfPage":{"@id":"https:\/\/agrocienciapodcast.com\/index.php\/2023\/07\/19\/episodio-23-a-importancia-do-crea-ms-para-engenheiros-agronomos-e-o-agronegocio\/"},"wordCount":1033,"commentCount":0,"publisher":{"@id":"https:\/\/agrocienciapodcast.com\/#organization"},"articleSection":["Blog"],"inLanguage":"pt-BR","potentialAction":[{"@type":"CommentAction","name":"Comment","target":["https:\/\/agrocienciapodcast.com\/index.php\/2023\/07\/19\/episodio-23-a-importancia-do-crea-ms-para-engenheiros-agronomos-e-o-agronegocio\/#respond"]}]},{"@type":"WebPage","@id":"https:\/\/agrocienciapodcast.com\/index.php\/2023\/07\/19\/episodio-23-a-importancia-do-crea-ms-para-engenheiros-agronomos-e-o-agronegocio\/","url":"https:\/\/agrocienciapodcast.com\/index.php\/2023\/07\/19\/episodio-23-a-importancia-do-crea-ms-para-engenheiros-agronomos-e-o-agronegocio\/","name":"Epis\u00f3dio #23 - A import\u00e2ncia do CREA-MS para engenheiros, agr\u00f4nomos e o agroneg\u00f3cio - Agroci\u00eancia Podcast","isPartOf":{"@id":"https:\/\/agrocienciapodcast.com\/#website"},"datePublished":"2023-07-19T15:28:00+00:00","dateModified":"2023-07-19T15:28:02+00:00","breadcrumb":{"@id":"https:\/\/agrocienciapodcast.com\/index.php\/2023\/07\/19\/episodio-23-a-importancia-do-crea-ms-para-engenheiros-agronomos-e-o-agronegocio\/#breadcrumb"},"inLanguage":"pt-BR","potentialAction":[{"@type":"ReadAction","target":["https:\/\/agrocienciapodcast.com\/index.php\/2023\/07\/19\/episodio-23-a-importancia-do-crea-ms-para-engenheiros-agronomos-e-o-agronegocio\/"]}]},{"@type":"BreadcrumbList","@id":"https:\/\/agrocienciapodcast.com\/index.php\/2023\/07\/19\/episodio-23-a-importancia-do-crea-ms-para-engenheiros-agronomos-e-o-agronegocio\/#breadcrumb","itemListElement":[{"@type":"ListItem","position":1,"name":"In\u00edcio","item":"https:\/\/agrocienciapodcast.com\/"},{"@type":"ListItem","position":2,"name":"Epis\u00f3dio #23 &#8211; A import\u00e2ncia do CREA-MS para engenheiros, agr\u00f4nomos e o agroneg\u00f3cio"}]},{"@type":"WebSite","@id":"https:\/\/agrocienciapodcast.com\/#website","url":"https:\/\/agrocienciapodcast.com\/","name":"Agroci\u00eancia Podcast","description":"A informa\u00e7\u00e3o \u00e9 o melhor defensivo contra a praga da fake news","publisher":{"@id":"https:\/\/agrocienciapodcast.com\/#organization"},"potentialAction":[{"@type":"SearchAction","target":{"@type":"EntryPoint","urlTemplate":"https:\/\/agrocienciapodcast.com\/?s={search_term_string}"},"query-input":{"@type":"PropertyValueSpecification","valueRequired":true,"valueName":"search_term_string"}}],"inLanguage":"pt-BR"},{"@type":"Organization","@id":"https:\/\/agrocienciapodcast.com\/#organization","name":"Agroci\u00eancia Podcast","url":"https:\/\/agrocienciapodcast.com\/","logo":{"@type":"ImageObject","inLanguage":"pt-BR","@id":"https:\/\/agrocienciapodcast.com\/#\/schema\/logo\/image\/","url":"https:\/\/agrocienciapodcast.com\/wp-content\/uploads\/2023\/06\/cropped-AGROCIENCIA-POD-transp_02-1.png","contentUrl":"https:\/\/agrocienciapodcast.com\/wp-content\/uploads\/2023\/06\/cropped-AGROCIENCIA-POD-transp_02-1.png","width":1539,"height":416,"caption":"Agroci\u00eancia Podcast"},"image":{"@id":"https:\/\/agrocienciapodcast.com\/#\/schema\/logo\/image\/"},"sameAs":["https:\/\/x.com\/agrocienciacast"]},{"@type":"Person","@id":"https:\/\/agrocienciapodcast.com\/#\/schema\/person\/fdabc08ed7cda36dfeb87f1ef8038527","name":"F\u00e1bio","image":{"@type":"ImageObject","inLanguage":"pt-BR","@id":"https:\/\/agrocienciapodcast.com\/#\/schema\/person\/image\/","url":"https:\/\/secure.gravatar.com\/avatar\/270f681237a3b2253e8387a5338fc297f0819ac18a4722551cbd086818c00f92?s=96&d=mm&r=g","contentUrl":"https:\/\/secure.gravatar.com\/avatar\/270f681237a3b2253e8387a5338fc297f0819ac18a4722551cbd086818c00f92?s=96&d=mm&r=g","caption":"F\u00e1bio"},"sameAs":["http:\/\/agrocienciapodcast.com","https:\/\/www.youtube.com\/@agrociencia_podcast"],"url":"https:\/\/agrocienciapodcast.com\/index.php\/author\/agrocienciapodcast-com\/"}]}},"jetpack_publicize_connections":[],"_links":{"self":[{"href":"https:\/\/agrocienciapodcast.com\/index.php\/wp-json\/wp\/v2\/posts\/100","targetHints":{"allow":["GET"]}}],"collection":[{"href":"https:\/\/agrocienciapodcast.com\/index.php\/wp-json\/wp\/v2\/posts"}],"about":[{"href":"https:\/\/agrocienciapodcast.com\/index.php\/wp-json\/wp\/v2\/types\/post"}],"author":[{"embeddable":true,"href":"https:\/\/agrocienciapodcast.com\/index.php\/wp-json\/wp\/v2\/users\/1"}],"replies":[{"embeddable":true,"href":"https:\/\/agrocienciapodcast.com\/index.php\/wp-json\/wp\/v2\/comments?post=100"}],"version-history":[{"count":1,"href":"https:\/\/agrocienciapodcast.com\/index.php\/wp-json\/wp\/v2\/posts\/100\/revisions"}],"predecessor-version":[{"id":102,"href":"https:\/\/agrocienciapodcast.com\/index.php\/wp-json\/wp\/v2\/posts\/100\/revisions\/102"}],"wp:attachment":[{"href":"https:\/\/agrocienciapodcast.com\/index.php\/wp-json\/wp\/v2\/media?parent=100"}],"wp:term":[{"taxonomy":"category","embeddable":true,"href":"https:\/\/agrocienciapodcast.com\/index.php\/wp-json\/wp\/v2\/categories?post=100"},{"taxonomy":"post_tag","embeddable":true,"href":"https:\/\/agrocienciapodcast.com\/index.php\/wp-json\/wp\/v2\/tags?post=100"}],"curies":[{"name":"wp","href":"https:\/\/api.w.org\/{rel}","templated":true}]}}